{"id":3000,"date":"2020-02-18T19:04:14","date_gmt":"2020-02-18T18:04:14","guid":{"rendered":"http:\/\/www.anadebreuil.org\/blog\/?p=3000"},"modified":"2020-03-01T19:54:02","modified_gmt":"2020-03-01T18:54:02","slug":"convertir-ficheros-alac-en-flac-2","status":"publish","type":"post","link":"https:\/\/www.anadebreuil.org\/blog\/?p=3000","title":{"rendered":"Configurar la codificaci\u00f3n de caracteres en GEdit&nbsp;3"},"content":{"rendered":"<p>Recientemente en GEdit\u00a03 me ha desaparecido la opci\u00f3n de personalizar la codificaciones de caracteres para intentar abrir ficheros de texto que estaba en el cuadro de di\u00e1logo de abrir o de guardar ficheros.<br \/>\nNo queda m\u00e1s opci\u00f3n que configurarlo en l\u00ednea de comandos con <em>GSettings<\/em>:<\/p>\n<pre>gsettings set org.gnome.gedit.preferences.encodings candidate-encodings \\\n \"['CURRENT','UTF-8','WINDOWS-1252','ISO-8859-15','ISO-8859-1','UTF-16']\"<\/pre>\n","protected":false},"excerpt":{"rendered":"<p>Recientemente en GEdit\u00a03 me ha desaparecido la opci\u00f3n de personalizar la codificaciones de caracteres para intentar abrir ficheros de texto que estaba en el cuadro de di\u00e1logo de abrir o de guardar ficheros.<br \/>\nNo queda m\u00e1s opci\u00f3n que configurarlo en l\u00ednea de comandos con GSettings.<\/p>\n","protected":false},"author":1,"featured_media":3040,"comment_status":"open","ping_status":"open","sticky":false,"template":"","format":"standard","meta":{"footnotes":""},"categories":[68],"tags":[107,108,13],"class_list":["post-3000","post","type-post","status-publish","format-standard","has-post-thumbnail","hentry","category-chuletas","tag-encoding","tag-gedit3","tag-gsettings"],"_links":{"self":[{"href":"https:\/\/www.anadebreuil.org\/blog\/index.php?rest_route=\/wp\/v2\/posts\/3000","targetHints":{"allow":["GET"]}}],"collection":[{"href":"https:\/\/www.anadebreuil.org\/blog\/index.php?rest_route=\/wp\/v2\/posts"}],"about":[{"href":"https:\/\/www.anadebreuil.org\/blog\/index.php?rest_route=\/wp\/v2\/types\/post"}],"author":[{"embeddable":true,"href":"https:\/\/www.anadebreuil.org\/blog\/index.php?rest_route=\/wp\/v2\/users\/1"}],"replies":[{"embeddable":true,"href":"https:\/\/www.anadebreuil.org\/blog\/index.php?rest_route=%2Fwp%2Fv2%2Fcomments&post=3000"}],"version-history":[{"count":9,"href":"https:\/\/www.anadebreuil.org\/blog\/index.php?rest_route=\/wp\/v2\/posts\/3000\/revisions"}],"predecessor-version":[{"id":3042,"href":"https:\/\/www.anadebreuil.org\/blog\/index.php?rest_route=\/wp\/v2\/posts\/3000\/revisions\/3042"}],"wp:featuredmedia":[{"embeddable":true,"href":"https:\/\/www.anadebreuil.org\/blog\/index.php?rest_route=\/wp\/v2\/media\/3040"}],"wp:attachment":[{"href":"https:\/\/www.anadebreuil.org\/blog\/index.php?rest_route=%2Fwp%2Fv2%2Fmedia&parent=3000"}],"wp:term":[{"taxonomy":"category","embeddable":true,"href":"https:\/\/www.anadebreuil.org\/blog\/index.php?rest_route=%2Fwp%2Fv2%2Fcategories&post=3000"},{"taxonomy":"post_tag","embeddable":true,"href":"https:\/\/www.anadebreuil.org\/blog\/index.php?rest_route=%2Fwp%2Fv2%2Ftags&post=3000"}],"curies":[{"name":"wp","href":"https:\/\/api.w.org\/{rel}","templated":true}]}}