{"id":2429,"date":"2015-03-16T00:48:08","date_gmt":"2015-03-15T23:48:08","guid":{"rendered":"http:\/\/www.anadebreuil.org\/blog\/?p=2429"},"modified":"2015-03-16T21:08:46","modified_gmt":"2015-03-16T20:08:46","slug":"la-unica-forma-de-parar-a-mercedes-este-ano","status":"publish","type":"post","link":"https:\/\/www.anadebreuil.org\/blog\/?p=2429","title":{"rendered":"La \u00fanica forma de parar a Mercedes este a\u00f1o."},"content":{"rendered":"<p><img decoding=\"async\" src=\"wp-content\/uploads\/2015\/03\/2015.01.mercedes-after-safety-car.jpg\" alt=\"2015.01.mercedes-after-safety-car\" style=\"float:left;min-width:320px;width:50%;padding-right:1ex\" \/>Esta va a ser la \u00fanica forma de parar a Mercedes este a\u00f1o: con otro Mercedes.<br \/>\n<a style=\"font-size:1ex\" href=\"http:\/\/www.gpupdate.net\/en\/f1-photos\/11884\/2015-australian-formula-1-grand-prix-sunday\/\">M\u00e1s fotos<\/a><\/p>\n<div>Despu\u00e9s de una a\u00f1o Ferrari recorta +0.761 seg. A este ritmo les alcanzar\u00e1n en 46 a\u00f1os.<\/p>\n<table style=\"width:auto;margin-left:auto;margin-right:auto\">\n<tbody>\n<tr>\n<td>Ferrari 2015:<\/td>\n<td>+34.523<\/td>\n<\/tr>\n<tr>\n<td>Ferrari 2014:<\/td>\n<td>+35.284<\/td>\n<\/tr>\n<\/tbody>\n<\/table>\n<\/div>\n","protected":false},"excerpt":{"rendered":"<p>Esta va a ser la \u00fanica forma de parar a Mercedes este a\u00f1o: con otro Mercedes. M\u00e1s fotos Despu\u00e9s de una a\u00f1o Ferrari recorta +0.761 seg. A este ritmo les alcanzar\u00e1n en 46&#8230;<\/p>\n","protected":false},"author":1,"featured_media":0,"comment_status":"open","ping_status":"open","sticky":false,"template":"","format":"aside","meta":{"footnotes":""},"categories":[3],"tags":[62,66,65],"class_list":["post-2429","post","type-post","status-publish","format-aside","hentry","category-formula-1","tag-62","tag-gp-de-australia","tag-mercedes-amg","post_format-post-format-aside"],"_links":{"self":[{"href":"https:\/\/www.anadebreuil.org\/blog\/index.php?rest_route=\/wp\/v2\/posts\/2429","targetHints":{"allow":["GET"]}}],"collection":[{"href":"https:\/\/www.anadebreuil.org\/blog\/index.php?rest_route=\/wp\/v2\/posts"}],"about":[{"href":"https:\/\/www.anadebreuil.org\/blog\/index.php?rest_route=\/wp\/v2\/types\/post"}],"author":[{"embeddable":true,"href":"https:\/\/www.anadebreuil.org\/blog\/index.php?rest_route=\/wp\/v2\/users\/1"}],"replies":[{"embeddable":true,"href":"https:\/\/www.anadebreuil.org\/blog\/index.php?rest_route=%2Fwp%2Fv2%2Fcomments&post=2429"}],"version-history":[{"count":30,"href":"https:\/\/www.anadebreuil.org\/blog\/index.php?rest_route=\/wp\/v2\/posts\/2429\/revisions"}],"predecessor-version":[{"id":2460,"href":"https:\/\/www.anadebreuil.org\/blog\/index.php?rest_route=\/wp\/v2\/posts\/2429\/revisions\/2460"}],"wp:attachment":[{"href":"https:\/\/www.anadebreuil.org\/blog\/index.php?rest_route=%2Fwp%2Fv2%2Fmedia&parent=2429"}],"wp:term":[{"taxonomy":"category","embeddable":true,"href":"https:\/\/www.anadebreuil.org\/blog\/index.php?rest_route=%2Fwp%2Fv2%2Fcategories&post=2429"},{"taxonomy":"post_tag","embeddable":true,"href":"https:\/\/www.anadebreuil.org\/blog\/index.php?rest_route=%2Fwp%2Fv2%2Ftags&post=2429"}],"curies":[{"name":"wp","href":"https:\/\/api.w.org\/{rel}","templated":true}]}}